{"id":407,"date":"2018-05-15T15:21:48","date_gmt":"2018-05-15T13:21:48","guid":{"rendered":"https:\/\/amitie-tuniso-allemande.de\/fr\/?p=407"},"modified":"2018-09-28T23:02:52","modified_gmt":"2018-09-28T21:02:52","slug":"ambassadeur-dallemagne-a-tunis-au-sujet-des-elections","status":"publish","type":"post","link":"https:\/\/amitie-tuniso-allemande.de\/fr\/2018\/05\/15\/ambassadeur-dallemagne-a-tunis-au-sujet-des-elections\/","title":{"rendered":"Ambassadeur d&rsquo;Allemagne \u00e0 Tunis au sujet des \u00e9lections :"},"content":{"rendered":"<p>Ambassadeur d&rsquo;Allemagne \u00e0 Tunis au sujet des \u00e9lections :<br \/>\nL\u2019ambassadeur allemand, Dr. Andreas Reinicke: \u00ab J\u2019ai eu le plaisir de visiter huit bureaux de vote dans la r\u00e9gion de Bizerte et Menzel Bourgiba comme h\u00f4te de l\u2019ISIE. J\u2019\u00e9tais impressionn\u00e9 par la bonne atmosph\u00e8re, le bon d\u00e9roulement et l\u2019organisation efficace des premi\u00e8res&nbsp;<a class=\"_58cn\" href=\"https:\/\/www.facebook.com\/hashtag\/%C3%A9lections?source=feed_text\" data-ft=\"{&quot;tn&quot;:&quot;*N&quot;,&quot;type&quot;:104}\"><span class=\"_5afx\"><span class=\"_58cl _5afz\" aria-label=\"hashtag\">#<\/span><span class=\"_58cm\">\u00e9lections<\/span><\/span><\/a>municipales# libres et d\u00e9mocratiques selon la constitution tunisienne. Je suis convaincu que la Tunisie a fait un pas de plus tr\u00e8s important dans le processus de la responsabilisation des citoyens. Les nouveaux conseils municipaux permettent aux citoyens d\u2019\u00eatre plus pr\u00e8s des d\u00e9cisions qui les concernent et leurs mises en \u0153uvre. Les conseils auront besoin de votre soutien, opinion et feedback! Bonne continuation et f\u00e9licitations \u00e0 vous toutes et tous! \u00bb<\/p>\n","protected":false},"excerpt":{"rendered":"<p>Ambassadeur d&rsquo;Allemagne \u00e0 Tunis au sujet des \u00e9lections : L\u2019ambassadeur allemand, Dr. Andreas Reinicke: \u00ab J\u2019ai eu le plaisir de visiter huit bureaux de vote dans la r\u00e9gion de Bizerte&hellip; <a class=\"excerpt-more-link\" href=\"https:\/\/amitie-tuniso-allemande.de\/fr\/2018\/05\/15\/ambassadeur-dallemagne-a-tunis-au-sujet-des-elections\/\">Read More<\/a><\/p>\n","protected":false},"author":6,"featured_media":408,"comment_status":"open","ping_status":"open","sticky":false,"template":"","format":"standard","meta":{"ngg_post_thumbnail":0,"footnotes":""},"categories":[8],"tags":[],"class_list":["post-407","post","type-post","status-publish","format-standard","has-post-thumbnail","hentry","category-publication"],"_links":{"self":[{"href":"https:\/\/amitie-tuniso-allemande.de\/fr\/wp-json\/wp\/v2\/posts\/407","targetHints":{"allow":["GET"]}}],"collection":[{"href":"https:\/\/amitie-tuniso-allemande.de\/fr\/wp-json\/wp\/v2\/posts"}],"about":[{"href":"https:\/\/amitie-tuniso-allemande.de\/fr\/wp-json\/wp\/v2\/types\/post"}],"author":[{"embeddable":true,"href":"https:\/\/amitie-tuniso-allemande.de\/fr\/wp-json\/wp\/v2\/users\/6"}],"replies":[{"embeddable":true,"href":"https:\/\/amitie-tuniso-allemande.de\/fr\/wp-json\/wp\/v2\/comments?post=407"}],"version-history":[{"count":1,"href":"https:\/\/amitie-tuniso-allemande.de\/fr\/wp-json\/wp\/v2\/posts\/407\/revisions"}],"predecessor-version":[{"id":409,"href":"https:\/\/amitie-tuniso-allemande.de\/fr\/wp-json\/wp\/v2\/posts\/407\/revisions\/409"}],"wp:featuredmedia":[{"embeddable":true,"href":"https:\/\/amitie-tuniso-allemande.de\/fr\/wp-json\/wp\/v2\/media\/408"}],"wp:attachment":[{"href":"https:\/\/amitie-tuniso-allemande.de\/fr\/wp-json\/wp\/v2\/media?parent=407"}],"wp:term":[{"taxonomy":"category","embeddable":true,"href":"https:\/\/amitie-tuniso-allemande.de\/fr\/wp-json\/wp\/v2\/categories?post=407"},{"taxonomy":"post_tag","embeddable":true,"href":"https:\/\/amitie-tuniso-allemande.de\/fr\/wp-json\/wp\/v2\/tags?post=407"}],"curies":[{"name":"wp","href":"https:\/\/api.w.org\/{rel}","templated":true}]}}