{"id":446,"date":"2018-09-11T15:10:05","date_gmt":"2018-09-11T13:10:05","guid":{"rendered":"https:\/\/amitie-tuniso-allemande.de\/fr\/?p=446"},"modified":"2018-09-11T15:11:02","modified_gmt":"2018-09-11T13:11:02","slug":"developpement-de-la-communication-ipdctalks-2018-de-lunesco","status":"publish","type":"post","link":"https:\/\/amitie-tuniso-allemande.de\/fr\/2018\/09\/11\/developpement-de-la-communication-ipdctalks-2018-de-lunesco\/","title":{"rendered":"D\u00e9veloppement de la communication (IPDCtalks) 2018 de l&rsquo;UNESCO"},"content":{"rendered":"<p><span style=\"font-size: 16px;\">Quand, heure locale:&nbsp;&nbsp;<\/span>Jeudi, 27 Septembre 2018 &#8211;&nbsp;<span class=\"date-display-start\" style=\"font-size: 16px;\">10:00am<\/span><span style=\"font-size: 16px;\">&nbsp;&#8211;&nbsp;<\/span><span class=\"date-display-end\" style=\"font-size: 16px;\">6:00pm<\/span><\/p>\n<div class=\"row\">\n<div class=\"col-sm-8\">\n<div id=\"node-event-full-group-event-data\" class=\" group-event-data field-group-div\">\n<div class=\"field field-name-field-postal-address field-type-addressfield field-label-inline clearfix\">\n<div class=\"field-label\">O\u00f9: Tunisie, Tunis<\/div>\n<\/div>\n<div class=\"field field-name-field-type-of-event field-type-taxonomy-term-reference field-label-inline clearfix\">\n<div class=\"field-label\">Type d\u2019\u00e9v\u00e9nement: Cat\u00e9gorie 8-Colloque<\/div>\n<\/div>\n<div class=\"field field-name-field-contact field-type-text field-label-inline clearfix\">\n<div class=\"field-label\">Contact:&nbsp; Yi-han Wen (Email: yh.wen@unesco.org)<\/div>\n<\/div>\n<\/div>\n<\/div>\n<\/div>\n<div class=\"event-description\">\n<div class=\"field field-name-field-description field-type-text-with-summary field-label-hidden\">\n<div class=\"field-items\">\n<div class=\"field-item even\">\n<p>En tant qu&rsquo;\u00e9v\u00e9nement principal de la Journ\u00e9e internationale de l&rsquo;acc\u00e8s universel \u00e0 l&rsquo;information, les \u00ab IPDCtalks \u00bb invitent le public \u00e0 discuter avec nos dirigeants mondiaux sur des questions d&rsquo;actualit\u00e9.<br \/>\nL&rsquo;UNESCO organise les \u00ab IPDCtalks \u00bb le 28 septembre 2017, en tant qu&rsquo;\u00e9v\u00e9nement principal de la Journ\u00e9e internationale de l&rsquo;acc\u00e8s universel \u00e0 l&rsquo;information. Il s&rsquo;agit d&rsquo;un \u00e9v\u00e9nement dynamique o\u00f9 des intervenants influents \u00e9changeront sur le r\u00f4le essentiel de l&rsquo;acc\u00e8s \u00e0 l&rsquo;information, des m\u00e9dias ind\u00e9pendants et de la libert\u00e9 d&rsquo;expression pour un avenir et une soci\u00e9t\u00e9 durables. Les \u00ab IPDCtalks \u00bb invitent le public \u00e0 discuter avec nos dirigeants mondiaux sur des questions d&rsquo;actualit\u00e9.<\/p>\n<div class=\"field-label\">Liens:&nbsp;<\/div>\n<div class=\"field-items\">\n<div class=\"field-item even\"><a href=\"https:\/\/fr.unesco.org\/ipdctalks-2018-meilleures-lois-pratiques-societes-ouvertes\" target=\"_blank\" rel=\"noopener\">D\u00e9bats du PIDC 2018 : De meilleures lois et pratiques pour des soci\u00e9t\u00e9s ouvertes<\/a><\/div>\n<\/div>\n<\/div>\n<\/div>\n<\/div>\n<\/div>\n","protected":false},"excerpt":{"rendered":"<p>Quand, heure locale:&nbsp;&nbsp;Jeudi, 27 Septembre 2018 &#8211;&nbsp;10:00am&nbsp;&#8211;&nbsp;6:00pm O\u00f9: Tunisie, Tunis Type d\u2019\u00e9v\u00e9nement: Cat\u00e9gorie 8-Colloque Contact:&nbsp; Yi-han Wen (Email: yh.wen@unesco.org) En tant qu&rsquo;\u00e9v\u00e9nement principal de la Journ\u00e9e internationale de l&rsquo;acc\u00e8s universel&hellip; <a class=\"excerpt-more-link\" href=\"https:\/\/amitie-tuniso-allemande.de\/fr\/2018\/09\/11\/developpement-de-la-communication-ipdctalks-2018-de-lunesco\/\">Read More<\/a><\/p>\n","protected":false},"author":6,"featured_media":447,"comment_status":"open","ping_status":"open","sticky":false,"template":"","format":"standard","meta":{"ngg_post_thumbnail":0,"footnotes":""},"categories":[8],"tags":[9],"class_list":["post-446","post","type-post","status-publish","format-standard","has-post-thumbnail","hentry","category-publication","tag-slider"],"_links":{"self":[{"href":"https:\/\/amitie-tuniso-allemande.de\/fr\/wp-json\/wp\/v2\/posts\/446","targetHints":{"allow":["GET"]}}],"collection":[{"href":"https:\/\/amitie-tuniso-allemande.de\/fr\/wp-json\/wp\/v2\/posts"}],"about":[{"href":"https:\/\/amitie-tuniso-allemande.de\/fr\/wp-json\/wp\/v2\/types\/post"}],"author":[{"embeddable":true,"href":"https:\/\/amitie-tuniso-allemande.de\/fr\/wp-json\/wp\/v2\/users\/6"}],"replies":[{"embeddable":true,"href":"https:\/\/amitie-tuniso-allemande.de\/fr\/wp-json\/wp\/v2\/comments?post=446"}],"version-history":[{"count":2,"href":"https:\/\/amitie-tuniso-allemande.de\/fr\/wp-json\/wp\/v2\/posts\/446\/revisions"}],"predecessor-version":[{"id":449,"href":"https:\/\/amitie-tuniso-allemande.de\/fr\/wp-json\/wp\/v2\/posts\/446\/revisions\/449"}],"wp:featuredmedia":[{"embeddable":true,"href":"https:\/\/amitie-tuniso-allemande.de\/fr\/wp-json\/wp\/v2\/media\/447"}],"wp:attachment":[{"href":"https:\/\/amitie-tuniso-allemande.de\/fr\/wp-json\/wp\/v2\/media?parent=446"}],"wp:term":[{"taxonomy":"category","embeddable":true,"href":"https:\/\/amitie-tuniso-allemande.de\/fr\/wp-json\/wp\/v2\/categories?post=446"},{"taxonomy":"post_tag","embeddable":true,"href":"https:\/\/amitie-tuniso-allemande.de\/fr\/wp-json\/wp\/v2\/tags?post=446"}],"curies":[{"name":"wp","href":"https:\/\/api.w.org\/{rel}","templated":true}]}}