{"id":450,"date":"2018-09-24T18:57:22","date_gmt":"2018-09-24T16:57:22","guid":{"rendered":"https:\/\/amitie-tuniso-allemande.de\/fr\/?p=450"},"modified":"2018-12-12T15:19:11","modified_gmt":"2018-12-12T14:19:11","slug":"langue-allemande-deutschunterricht","status":"publish","type":"post","link":"https:\/\/amitie-tuniso-allemande.de\/fr\/2018\/09\/24\/langue-allemande-deutschunterricht\/","title":{"rendered":"LANGUE ALLEMANDE (Deutschunterricht &#8211; mis \u00e0 jour 8\/10\/18)"},"content":{"rendered":"<p><img loading=\"lazy\" decoding=\"async\" class=\"alignnone size-medium wp-image-460\" src=\"https:\/\/amitie-tuniso-allemande.de\/fr\/wp-content\/uploads\/sites\/3\/2018\/09\/deutsch-5-257x300.jpg\" alt=\"\" width=\"257\" height=\"300\" srcset=\"https:\/\/amitie-tuniso-allemande.de\/fr\/wp-content\/uploads\/sites\/3\/2018\/09\/deutsch-5-257x300.jpg 257w, https:\/\/amitie-tuniso-allemande.de\/fr\/wp-content\/uploads\/sites\/3\/2018\/09\/deutsch-5.jpg 720w\" sizes=\"auto, (max-width: 257px) 100vw, 257px\" \/><\/p>\n<p>En partenariat avec l\u2019Universit\u00e9 priv\u00e9e Tek-up-El-Gazala repr\u00e9sentant du Gast-Institut allemand, l\u2019Association d\u2019amiti\u00e9 tuniso-allemande AATA a le plaisir d\u2019offrir aux jeunes tunisiens, voulant un jour \u00e9tudier ou travailler en Allemagne, des cours d\u2019allemand \u00e0 un prix symbolique.<br \/>\nLe premier module A1 d\u00e9butera <strong>le samedi 13 octobre 2018<\/strong> aux locaux de Tek-up (pr\u00e8s de l\u2019Universit\u00e9 Sesame). Ce module de 40h durera 10 semaines (tous les sa<span class=\"text_exposed_show\">medi de 9h \u00e0 13h) et co\u00fbtera \u00e0 chaque participant 200D TTC y compris l\u2019examen final.<br \/>\nLa certification de ce module et des modules suivants (A2, B1 et B2) est reconnue par les autorit\u00e9s et institutions universitaires allemandes.<\/p>\n<p><\/span><\/p>\n<p>Bonne chance !!<\/p>\n","protected":false},"excerpt":{"rendered":"<p>En partenariat avec l\u2019Universit\u00e9 priv\u00e9e Tek-up-El-Gazala repr\u00e9sentant du Gast-Institut allemand, l\u2019Association d\u2019amiti\u00e9 tuniso-allemande AATA a le plaisir d\u2019offrir aux jeunes tunisiens, voulant un jour \u00e9tudier ou travailler en Allemagne, des&hellip; <a class=\"excerpt-more-link\" href=\"https:\/\/amitie-tuniso-allemande.de\/fr\/2018\/09\/24\/langue-allemande-deutschunterricht\/\">Read More<\/a><\/p>\n","protected":false},"author":6,"featured_media":451,"comment_status":"open","ping_status":"open","sticky":false,"template":"","format":"standard","meta":{"ngg_post_thumbnail":0,"footnotes":""},"categories":[8],"tags":[],"class_list":["post-450","post","type-post","status-publish","format-standard","has-post-thumbnail","hentry","category-publication"],"_links":{"self":[{"href":"https:\/\/amitie-tuniso-allemande.de\/fr\/wp-json\/wp\/v2\/posts\/450","targetHints":{"allow":["GET"]}}],"collection":[{"href":"https:\/\/amitie-tuniso-allemande.de\/fr\/wp-json\/wp\/v2\/posts"}],"about":[{"href":"https:\/\/amitie-tuniso-allemande.de\/fr\/wp-json\/wp\/v2\/types\/post"}],"author":[{"embeddable":true,"href":"https:\/\/amitie-tuniso-allemande.de\/fr\/wp-json\/wp\/v2\/users\/6"}],"replies":[{"embeddable":true,"href":"https:\/\/amitie-tuniso-allemande.de\/fr\/wp-json\/wp\/v2\/comments?post=450"}],"version-history":[{"count":3,"href":"https:\/\/amitie-tuniso-allemande.de\/fr\/wp-json\/wp\/v2\/posts\/450\/revisions"}],"predecessor-version":[{"id":470,"href":"https:\/\/amitie-tuniso-allemande.de\/fr\/wp-json\/wp\/v2\/posts\/450\/revisions\/470"}],"wp:featuredmedia":[{"embeddable":true,"href":"https:\/\/amitie-tuniso-allemande.de\/fr\/wp-json\/wp\/v2\/media\/451"}],"wp:attachment":[{"href":"https:\/\/amitie-tuniso-allemande.de\/fr\/wp-json\/wp\/v2\/media?parent=450"}],"wp:term":[{"taxonomy":"category","embeddable":true,"href":"https:\/\/amitie-tuniso-allemande.de\/fr\/wp-json\/wp\/v2\/categories?post=450"},{"taxonomy":"post_tag","embeddable":true,"href":"https:\/\/amitie-tuniso-allemande.de\/fr\/wp-json\/wp\/v2\/tags?post=450"}],"curies":[{"name":"wp","href":"https:\/\/api.w.org\/{rel}","templated":true}]}}