{"id":474,"date":"2018-11-08T09:09:14","date_gmt":"2018-11-08T08:09:14","guid":{"rendered":"https:\/\/amitie-tuniso-allemande.de\/fr\/?p=474"},"modified":"2019-02-09T18:46:56","modified_gmt":"2019-02-09T17:46:56","slug":"cours-dallemand-proposes-par-laata","status":"publish","type":"post","link":"https:\/\/amitie-tuniso-allemande.de\/fr\/2018\/11\/08\/cours-dallemand-proposes-par-laata\/","title":{"rendered":"COURS D&rsquo;ALLEMAND PROPOSES PAR L&rsquo;AATA"},"content":{"rendered":"<p><span style=\"font-size: 12pt;\"><strong>Le premier cours d&rsquo;allemand que l&rsquo;AATA a lanc\u00e9 le 13.10.2018 en collaboration avec l&rsquo;universit\u00e9 priv\u00e9e Tek-up \u00e0 Gazala&nbsp; se d\u00e9roule tellement bien que nous envisageons d&rsquo;organiser d\u00e9but de 2019 \u00e0&nbsp; Tek-up&nbsp; deux autres cours de 40h :<\/strong><\/span><br \/>\n<span style=\"font-size: 12pt;\"><strong>&#8211;L&rsquo;un du niveau A1 (Prix global y compris examen 200 DT) et<\/strong><\/span><br \/>\n<span style=\"font-size: 12pt;\"><strong>&#8211;Le deuxi\u00e8me du niveau A2 (prix global y compris examen 250 DT)<\/strong><\/span><br \/>\n<span style=\"font-size: 12pt;\"><strong>et ce tous les samedi de 9h&#8211;13h<span class=\"text_exposed_show\"><br \/>\nPour vous inscrire, pri\u00e8re t\u00e9l\u00e9phoner \u00e0 Mme Dr Olfa Ben Salem, tr\u00e9sori\u00e8re de l&rsquo;AATA 29522592, mail : obisetz@yahoo.fr<\/span><\/strong><\/span><\/p>\n<p><img loading=\"lazy\" decoding=\"async\" class=\"alignnone size-medium wp-image-475\" src=\"https:\/\/amitie-tuniso-allemande.de\/fr\/wp-content\/uploads\/sites\/3\/2018\/11\/deutschkurs-300x168.png\" alt=\"\" width=\"300\" height=\"168\" srcset=\"https:\/\/amitie-tuniso-allemande.de\/fr\/wp-content\/uploads\/sites\/3\/2018\/11\/deutschkurs-300x168.png 300w, https:\/\/amitie-tuniso-allemande.de\/fr\/wp-content\/uploads\/sites\/3\/2018\/11\/deutschkurs-768x431.png 768w, https:\/\/amitie-tuniso-allemande.de\/fr\/wp-content\/uploads\/sites\/3\/2018\/11\/deutschkurs.png 960w\" sizes=\"auto, (max-width: 300px) 100vw, 300px\" \/><\/p>\n<p>&nbsp;<\/p>\n<p>&nbsp;<\/p>\n","protected":false},"excerpt":{"rendered":"<p>Le premier cours d&rsquo;allemand que l&rsquo;AATA a lanc\u00e9 le 13.10.2018 en collaboration avec l&rsquo;universit\u00e9 priv\u00e9e Tek-up \u00e0 Gazala&nbsp; se d\u00e9roule tellement bien que nous envisageons d&rsquo;organiser d\u00e9but de 2019 \u00e0&nbsp;&hellip; <a class=\"excerpt-more-link\" href=\"https:\/\/amitie-tuniso-allemande.de\/fr\/2018\/11\/08\/cours-dallemand-proposes-par-laata\/\">Read More<\/a><\/p>\n","protected":false},"author":2,"featured_media":451,"comment_status":"open","ping_status":"open","sticky":false,"template":"","format":"standard","meta":{"ngg_post_thumbnail":0,"footnotes":""},"categories":[8],"tags":[],"class_list":["post-474","post","type-post","status-publish","format-standard","has-post-thumbnail","hentry","category-publication"],"_links":{"self":[{"href":"https:\/\/amitie-tuniso-allemande.de\/fr\/wp-json\/wp\/v2\/posts\/474","targetHints":{"allow":["GET"]}}],"collection":[{"href":"https:\/\/amitie-tuniso-allemande.de\/fr\/wp-json\/wp\/v2\/posts"}],"about":[{"href":"https:\/\/amitie-tuniso-allemande.de\/fr\/wp-json\/wp\/v2\/types\/post"}],"author":[{"embeddable":true,"href":"https:\/\/amitie-tuniso-allemande.de\/fr\/wp-json\/wp\/v2\/users\/2"}],"replies":[{"embeddable":true,"href":"https:\/\/amitie-tuniso-allemande.de\/fr\/wp-json\/wp\/v2\/comments?post=474"}],"version-history":[{"count":3,"href":"https:\/\/amitie-tuniso-allemande.de\/fr\/wp-json\/wp\/v2\/posts\/474\/revisions"}],"predecessor-version":[{"id":484,"href":"https:\/\/amitie-tuniso-allemande.de\/fr\/wp-json\/wp\/v2\/posts\/474\/revisions\/484"}],"wp:featuredmedia":[{"embeddable":true,"href":"https:\/\/amitie-tuniso-allemande.de\/fr\/wp-json\/wp\/v2\/media\/451"}],"wp:attachment":[{"href":"https:\/\/amitie-tuniso-allemande.de\/fr\/wp-json\/wp\/v2\/media?parent=474"}],"wp:term":[{"taxonomy":"category","embeddable":true,"href":"https:\/\/amitie-tuniso-allemande.de\/fr\/wp-json\/wp\/v2\/categories?post=474"},{"taxonomy":"post_tag","embeddable":true,"href":"https:\/\/amitie-tuniso-allemande.de\/fr\/wp-json\/wp\/v2\/tags?post=474"}],"curies":[{"name":"wp","href":"https:\/\/api.w.org\/{rel}","templated":true}]}}