{"id":693,"date":"2022-01-08T18:19:34","date_gmt":"2022-01-08T17:19:34","guid":{"rendered":"https:\/\/amitie-tuniso-allemande.de\/fr\/?p=693"},"modified":"2022-01-08T18:19:34","modified_gmt":"2022-01-08T17:19:34","slug":"nos-cours-dallemand-2022","status":"publish","type":"post","link":"https:\/\/amitie-tuniso-allemande.de\/fr\/2022\/01\/08\/nos-cours-dallemand-2022\/","title":{"rendered":"NOS  COURS D&rsquo;ALLEMAND 2022"},"content":{"rendered":"\n<p>LES PROCHAINS COURS D&rsquo;ALLEMAND DE NOTRE ASSOCIATION  SONT PROGRAMMES COMME SUIT \/<\/p>\n\n\n\n<p>Lancement A1 le jeudi 13.1.2022 de 13h \u00e0 17h <\/p>\n\n\n\n<p>A2 le samedi 15.1.2022 de 9h \u00e0 13h \u00e0 l&rsquo;universit\u00e9 m\u00e9diterran\u00e9enne, Montplaisir, <\/p>\n\n\n\n<p>Prix associatifs<\/p>\n\n\n\n<p>il y a encore des places libres<\/p>\n\n\n\n<p>Inscription au 24 126620 ou<\/p>\n\n\n\n<p>info@amitie-tuniso-allemande.de<\/p>\n\n\n\n<figure class=\"wp-block-image size-full\"><img loading=\"lazy\" decoding=\"async\" width=\"719\" height=\"833\" src=\"https:\/\/amitie-tuniso-allemande.de\/fr\/wp-content\/uploads\/sites\/3\/2022\/01\/Cours-A2-DVV-2-2.jpg\" alt=\"\" class=\"wp-image-694\" srcset=\"https:\/\/amitie-tuniso-allemande.de\/fr\/wp-content\/uploads\/sites\/3\/2022\/01\/Cours-A2-DVV-2-2.jpg 719w, https:\/\/amitie-tuniso-allemande.de\/fr\/wp-content\/uploads\/sites\/3\/2022\/01\/Cours-A2-DVV-2-2-259x300.jpg 259w, https:\/\/amitie-tuniso-allemande.de\/fr\/wp-content\/uploads\/sites\/3\/2022\/01\/Cours-A2-DVV-2-2-660x765.jpg 660w\" sizes=\"auto, (max-width: 719px) 100vw, 719px\" \/><\/figure>\n\n\n\n<figure class=\"wp-block-image size-full\"><img loading=\"lazy\" decoding=\"async\" width=\"650\" height=\"524\" src=\"https:\/\/amitie-tuniso-allemande.de\/fr\/wp-content\/uploads\/sites\/3\/2022\/01\/ich-lerne-deutsch-2-2.jpg\" alt=\"\" class=\"wp-image-695\" srcset=\"https:\/\/amitie-tuniso-allemande.de\/fr\/wp-content\/uploads\/sites\/3\/2022\/01\/ich-lerne-deutsch-2-2.jpg 650w, https:\/\/amitie-tuniso-allemande.de\/fr\/wp-content\/uploads\/sites\/3\/2022\/01\/ich-lerne-deutsch-2-2-300x242.jpg 300w\" sizes=\"auto, (max-width: 650px) 100vw, 650px\" \/><\/figure>\n","protected":false},"excerpt":{"rendered":"<p>LES PROCHAINS COURS D&rsquo;ALLEMAND DE NOTRE ASSOCIATION SONT PROGRAMMES COMME SUIT \/ Lancement A1 le jeudi 13.1.2022 de 13h \u00e0 17h A2 le samedi 15.1.2022 de 9h \u00e0 13h \u00e0&hellip; <a class=\"excerpt-more-link\" href=\"https:\/\/amitie-tuniso-allemande.de\/fr\/2022\/01\/08\/nos-cours-dallemand-2022\/\">Read More<\/a><\/p>\n","protected":false},"author":2,"featured_media":0,"comment_status":"open","ping_status":"open","sticky":false,"template":"","format":"standard","meta":{"ngg_post_thumbnail":0,"footnotes":""},"categories":[8],"tags":[],"class_list":["post-693","post","type-post","status-publish","format-standard","hentry","category-publication"],"_links":{"self":[{"href":"https:\/\/amitie-tuniso-allemande.de\/fr\/wp-json\/wp\/v2\/posts\/693","targetHints":{"allow":["GET"]}}],"collection":[{"href":"https:\/\/amitie-tuniso-allemande.de\/fr\/wp-json\/wp\/v2\/posts"}],"about":[{"href":"https:\/\/amitie-tuniso-allemande.de\/fr\/wp-json\/wp\/v2\/types\/post"}],"author":[{"embeddable":true,"href":"https:\/\/amitie-tuniso-allemande.de\/fr\/wp-json\/wp\/v2\/users\/2"}],"replies":[{"embeddable":true,"href":"https:\/\/amitie-tuniso-allemande.de\/fr\/wp-json\/wp\/v2\/comments?post=693"}],"version-history":[{"count":1,"href":"https:\/\/amitie-tuniso-allemande.de\/fr\/wp-json\/wp\/v2\/posts\/693\/revisions"}],"predecessor-version":[{"id":696,"href":"https:\/\/amitie-tuniso-allemande.de\/fr\/wp-json\/wp\/v2\/posts\/693\/revisions\/696"}],"wp:attachment":[{"href":"https:\/\/amitie-tuniso-allemande.de\/fr\/wp-json\/wp\/v2\/media?parent=693"}],"wp:term":[{"taxonomy":"category","embeddable":true,"href":"https:\/\/amitie-tuniso-allemande.de\/fr\/wp-json\/wp\/v2\/categories?post=693"},{"taxonomy":"post_tag","embeddable":true,"href":"https:\/\/amitie-tuniso-allemande.de\/fr\/wp-json\/wp\/v2\/tags?post=693"}],"curies":[{"name":"wp","href":"https:\/\/api.w.org\/{rel}","templated":true}]}}