{"id":739,"date":"2023-04-01T10:30:37","date_gmt":"2023-04-01T08:30:37","guid":{"rendered":"https:\/\/amitie-tuniso-allemande.de\/fr\/?p=739"},"modified":"2023-04-01T10:30:37","modified_gmt":"2023-04-01T08:30:37","slug":"participation-au-debat-janoubia-tv","status":"publish","type":"post","link":"https:\/\/amitie-tuniso-allemande.de\/fr\/2023\/04\/01\/participation-au-debat-janoubia-tv\/","title":{"rendered":"PARTICIPATION AU DEBAT JANOUBIA-TV"},"content":{"rendered":"\n<p>L&rsquo;Association AATA a particip\u00e9 activement le 28\/3\/2023 \u00e0 l&rsquo;\u00e9mission t\u00e9l\u00e9vis\u00e9e anim\u00e9e par Mr Boubakr Esghaier sur El-Janoubia-TV autour des th\u00e8mes suivants : \u00e9tudiants africains en Tunisie, nos relations politiques avec l&rsquo;Europe, poursuites judiciaires contre des complotistes en Tunisie&#8230;  <\/p>\n\n\n\n<p> <\/p>\n\n\n\n<figure class=\"wp-block-image size-large\"><img loading=\"lazy\" decoding=\"async\" width=\"1024\" height=\"459\" src=\"https:\/\/amitie-tuniso-allemande.de\/fr\/wp-content\/uploads\/sites\/3\/2023\/04\/JANOUBIA-2-2-1024x459.jpg\" alt=\"\" class=\"wp-image-740\" srcset=\"https:\/\/amitie-tuniso-allemande.de\/fr\/wp-content\/uploads\/sites\/3\/2023\/04\/JANOUBIA-2-2-1024x459.jpg 1024w, https:\/\/amitie-tuniso-allemande.de\/fr\/wp-content\/uploads\/sites\/3\/2023\/04\/JANOUBIA-2-2-300x135.jpg 300w, https:\/\/amitie-tuniso-allemande.de\/fr\/wp-content\/uploads\/sites\/3\/2023\/04\/JANOUBIA-2-2-768x344.jpg 768w, https:\/\/amitie-tuniso-allemande.de\/fr\/wp-content\/uploads\/sites\/3\/2023\/04\/JANOUBIA-2-2-1536x689.jpg 1536w, https:\/\/amitie-tuniso-allemande.de\/fr\/wp-content\/uploads\/sites\/3\/2023\/04\/JANOUBIA-2-2-660x296.jpg 660w, https:\/\/amitie-tuniso-allemande.de\/fr\/wp-content\/uploads\/sites\/3\/2023\/04\/JANOUBIA-2-2-1000x448.jpg 1000w, https:\/\/amitie-tuniso-allemande.de\/fr\/wp-content\/uploads\/sites\/3\/2023\/04\/JANOUBIA-2-2.jpg 2007w\" sizes=\"auto, (max-width: 1024px) 100vw, 1024px\" \/><\/figure>\n\n\n\n<figure class=\"wp-block-image size-large\"><img loading=\"lazy\" decoding=\"async\" width=\"1024\" height=\"966\" src=\"https:\/\/amitie-tuniso-allemande.de\/fr\/wp-content\/uploads\/sites\/3\/2023\/04\/JANOUBIA-55-1024x966.jpg\" alt=\"\" class=\"wp-image-741\" srcset=\"https:\/\/amitie-tuniso-allemande.de\/fr\/wp-content\/uploads\/sites\/3\/2023\/04\/JANOUBIA-55-1024x966.jpg 1024w, https:\/\/amitie-tuniso-allemande.de\/fr\/wp-content\/uploads\/sites\/3\/2023\/04\/JANOUBIA-55-300x283.jpg 300w, https:\/\/amitie-tuniso-allemande.de\/fr\/wp-content\/uploads\/sites\/3\/2023\/04\/JANOUBIA-55-768x724.jpg 768w, https:\/\/amitie-tuniso-allemande.de\/fr\/wp-content\/uploads\/sites\/3\/2023\/04\/JANOUBIA-55-660x622.jpg 660w, https:\/\/amitie-tuniso-allemande.de\/fr\/wp-content\/uploads\/sites\/3\/2023\/04\/JANOUBIA-55-1000x943.jpg 1000w, https:\/\/amitie-tuniso-allemande.de\/fr\/wp-content\/uploads\/sites\/3\/2023\/04\/JANOUBIA-55.jpg 1070w\" sizes=\"auto, (max-width: 1024px) 100vw, 1024px\" \/><\/figure>\n","protected":false},"excerpt":{"rendered":"<p>L&rsquo;Association AATA a particip\u00e9 activement le 28\/3\/2023 \u00e0 l&rsquo;\u00e9mission t\u00e9l\u00e9vis\u00e9e anim\u00e9e par Mr Boubakr Esghaier sur El-Janoubia-TV autour des th\u00e8mes suivants : \u00e9tudiants africains en Tunisie, nos relations politiques avec&hellip; <a class=\"excerpt-more-link\" href=\"https:\/\/amitie-tuniso-allemande.de\/fr\/2023\/04\/01\/participation-au-debat-janoubia-tv\/\">Read More<\/a><\/p>\n","protected":false},"author":2,"featured_media":0,"comment_status":"open","ping_status":"open","sticky":false,"template":"","format":"standard","meta":{"ngg_post_thumbnail":0,"footnotes":""},"categories":[8],"tags":[],"class_list":["post-739","post","type-post","status-publish","format-standard","hentry","category-publication"],"_links":{"self":[{"href":"https:\/\/amitie-tuniso-allemande.de\/fr\/wp-json\/wp\/v2\/posts\/739","targetHints":{"allow":["GET"]}}],"collection":[{"href":"https:\/\/amitie-tuniso-allemande.de\/fr\/wp-json\/wp\/v2\/posts"}],"about":[{"href":"https:\/\/amitie-tuniso-allemande.de\/fr\/wp-json\/wp\/v2\/types\/post"}],"author":[{"embeddable":true,"href":"https:\/\/amitie-tuniso-allemande.de\/fr\/wp-json\/wp\/v2\/users\/2"}],"replies":[{"embeddable":true,"href":"https:\/\/amitie-tuniso-allemande.de\/fr\/wp-json\/wp\/v2\/comments?post=739"}],"version-history":[{"count":1,"href":"https:\/\/amitie-tuniso-allemande.de\/fr\/wp-json\/wp\/v2\/posts\/739\/revisions"}],"predecessor-version":[{"id":742,"href":"https:\/\/amitie-tuniso-allemande.de\/fr\/wp-json\/wp\/v2\/posts\/739\/revisions\/742"}],"wp:attachment":[{"href":"https:\/\/amitie-tuniso-allemande.de\/fr\/wp-json\/wp\/v2\/media?parent=739"}],"wp:term":[{"taxonomy":"category","embeddable":true,"href":"https:\/\/amitie-tuniso-allemande.de\/fr\/wp-json\/wp\/v2\/categories?post=739"},{"taxonomy":"post_tag","embeddable":true,"href":"https:\/\/amitie-tuniso-allemande.de\/fr\/wp-json\/wp\/v2\/tags?post=739"}],"curies":[{"name":"wp","href":"https:\/\/api.w.org\/{rel}","templated":true}]}}