{"id":745,"date":"2023-06-27T11:10:01","date_gmt":"2023-06-27T09:10:01","guid":{"rendered":"https:\/\/amitie-tuniso-allemande.de\/fr\/?p=745"},"modified":"2023-06-27T11:10:01","modified_gmt":"2023-06-27T09:10:01","slug":"internationale-alumniwoche-in-zwickau-12-16-juni-2023","status":"publish","type":"post","link":"https:\/\/amitie-tuniso-allemande.de\/fr\/2023\/06\/27\/internationale-alumniwoche-in-zwickau-12-16-juni-2023\/","title":{"rendered":"INTERNATIONALE ALUMNIWOCHE in zwickau 12-16 Juni 2023"},"content":{"rendered":"\n<p>L&rsquo;association d&rsquo;amiti\u00e9 tuniso-allemande AATA \u00e9tait l&rsquo;association unique invit\u00e9e de notre pays<\/p>\n\n\n\n<figure class=\"wp-block-image size-full\"><img loading=\"lazy\" decoding=\"async\" width=\"708\" height=\"960\" src=\"https:\/\/amitie-tuniso-allemande.de\/fr\/wp-content\/uploads\/sites\/3\/2023\/06\/zwickau-6.jpg\" alt=\"\" class=\"wp-image-746\" srcset=\"https:\/\/amitie-tuniso-allemande.de\/fr\/wp-content\/uploads\/sites\/3\/2023\/06\/zwickau-6.jpg 708w, https:\/\/amitie-tuniso-allemande.de\/fr\/wp-content\/uploads\/sites\/3\/2023\/06\/zwickau-6-221x300.jpg 221w, https:\/\/amitie-tuniso-allemande.de\/fr\/wp-content\/uploads\/sites\/3\/2023\/06\/zwickau-6-660x895.jpg 660w\" sizes=\"auto, (max-width: 708px) 100vw, 708px\" \/><\/figure>\n\n\n\n<figure class=\"wp-block-image size-full\"><img loading=\"lazy\" decoding=\"async\" width=\"155\" height=\"206\" src=\"https:\/\/amitie-tuniso-allemande.de\/fr\/wp-content\/uploads\/sites\/3\/2023\/06\/zwickau-2.jpg\" alt=\"\" class=\"wp-image-747\"\/><\/figure>\n\n\n\n<figure class=\"wp-block-image size-large\"><img loading=\"lazy\" decoding=\"async\" width=\"1024\" height=\"541\" src=\"https:\/\/amitie-tuniso-allemande.de\/fr\/wp-content\/uploads\/sites\/3\/2023\/06\/zwickau3-2-1024x541.jpg\" alt=\"\" class=\"wp-image-748\" srcset=\"https:\/\/amitie-tuniso-allemande.de\/fr\/wp-content\/uploads\/sites\/3\/2023\/06\/zwickau3-2-1024x541.jpg 1024w, https:\/\/amitie-tuniso-allemande.de\/fr\/wp-content\/uploads\/sites\/3\/2023\/06\/zwickau3-2-300x158.jpg 300w, https:\/\/amitie-tuniso-allemande.de\/fr\/wp-content\/uploads\/sites\/3\/2023\/06\/zwickau3-2-768x405.jpg 768w, https:\/\/amitie-tuniso-allemande.de\/fr\/wp-content\/uploads\/sites\/3\/2023\/06\/zwickau3-2-660x348.jpg 660w, https:\/\/amitie-tuniso-allemande.de\/fr\/wp-content\/uploads\/sites\/3\/2023\/06\/zwickau3-2-1000x528.jpg 1000w, https:\/\/amitie-tuniso-allemande.de\/fr\/wp-content\/uploads\/sites\/3\/2023\/06\/zwickau3-2.jpg 1396w\" sizes=\"auto, (max-width: 1024px) 100vw, 1024px\" \/><\/figure>\n\n\n\n<figure class=\"wp-block-image size-large\"><img loading=\"lazy\" decoding=\"async\" width=\"1024\" height=\"501\" src=\"https:\/\/amitie-tuniso-allemande.de\/fr\/wp-content\/uploads\/sites\/3\/2023\/06\/zwickau4-2-1024x501.jpg\" alt=\"\" class=\"wp-image-749\" srcset=\"https:\/\/amitie-tuniso-allemande.de\/fr\/wp-content\/uploads\/sites\/3\/2023\/06\/zwickau4-2-1024x501.jpg 1024w, https:\/\/amitie-tuniso-allemande.de\/fr\/wp-content\/uploads\/sites\/3\/2023\/06\/zwickau4-2-300x147.jpg 300w, https:\/\/amitie-tuniso-allemande.de\/fr\/wp-content\/uploads\/sites\/3\/2023\/06\/zwickau4-2-768x376.jpg 768w, https:\/\/amitie-tuniso-allemande.de\/fr\/wp-content\/uploads\/sites\/3\/2023\/06\/zwickau4-2-1536x751.jpg 1536w, https:\/\/amitie-tuniso-allemande.de\/fr\/wp-content\/uploads\/sites\/3\/2023\/06\/zwickau4-2-660x323.jpg 660w, https:\/\/amitie-tuniso-allemande.de\/fr\/wp-content\/uploads\/sites\/3\/2023\/06\/zwickau4-2-1000x489.jpg 1000w, https:\/\/amitie-tuniso-allemande.de\/fr\/wp-content\/uploads\/sites\/3\/2023\/06\/zwickau4-2.jpg 1722w\" sizes=\"auto, (max-width: 1024px) 100vw, 1024px\" \/><\/figure>\n","protected":false},"excerpt":{"rendered":"<p>L&rsquo;association d&rsquo;amiti\u00e9 tuniso-allemande AATA \u00e9tait l&rsquo;association unique invit\u00e9e de notre pays<\/p>\n","protected":false},"author":2,"featured_media":0,"comment_status":"open","ping_status":"open","sticky":false,"template":"","format":"standard","meta":{"ngg_post_thumbnail":0,"footnotes":""},"categories":[8],"tags":[],"class_list":["post-745","post","type-post","status-publish","format-standard","hentry","category-publication"],"_links":{"self":[{"href":"https:\/\/amitie-tuniso-allemande.de\/fr\/wp-json\/wp\/v2\/posts\/745","targetHints":{"allow":["GET"]}}],"collection":[{"href":"https:\/\/amitie-tuniso-allemande.de\/fr\/wp-json\/wp\/v2\/posts"}],"about":[{"href":"https:\/\/amitie-tuniso-allemande.de\/fr\/wp-json\/wp\/v2\/types\/post"}],"author":[{"embeddable":true,"href":"https:\/\/amitie-tuniso-allemande.de\/fr\/wp-json\/wp\/v2\/users\/2"}],"replies":[{"embeddable":true,"href":"https:\/\/amitie-tuniso-allemande.de\/fr\/wp-json\/wp\/v2\/comments?post=745"}],"version-history":[{"count":1,"href":"https:\/\/amitie-tuniso-allemande.de\/fr\/wp-json\/wp\/v2\/posts\/745\/revisions"}],"predecessor-version":[{"id":750,"href":"https:\/\/amitie-tuniso-allemande.de\/fr\/wp-json\/wp\/v2\/posts\/745\/revisions\/750"}],"wp:attachment":[{"href":"https:\/\/amitie-tuniso-allemande.de\/fr\/wp-json\/wp\/v2\/media?parent=745"}],"wp:term":[{"taxonomy":"category","embeddable":true,"href":"https:\/\/amitie-tuniso-allemande.de\/fr\/wp-json\/wp\/v2\/categories?post=745"},{"taxonomy":"post_tag","embeddable":true,"href":"https:\/\/amitie-tuniso-allemande.de\/fr\/wp-json\/wp\/v2\/tags?post=745"}],"curies":[{"name":"wp","href":"https:\/\/api.w.org\/{rel}","templated":true}]}}